{"id":1203,"date":"2017-10-24T08:51:53","date_gmt":"2017-10-24T06:51:53","guid":{"rendered":"http:\/\/www.gospelchor-klangfarben.de\/?p=1203"},"modified":"2017-10-24T08:54:35","modified_gmt":"2017-10-24T06:54:35","slug":"viel-spass-beim-probenwochenende","status":"publish","type":"post","link":"http:\/\/www.gospelchor-klangfarben.de\/?p=1203","title":{"rendered":"Viel Spa\u00df beim Probenwochenende"},"content":{"rendered":"<p>&#8230;.viel Spa\u00df und unvergessliche Momente erlebten die S\u00e4ngerinnen und S\u00e4nger, Schauspielenden und Musiker beim Probenwochenende mit dem Komponisten Daniel Scharfenberger.<\/p>\n<p>Ein herzliches Dankesch\u00f6n an die Ortsgemeinde Hausen\/ Wied und seinen B\u00fcrgermeister Karl Josef H\u00fchner- w\u00e4hrend der Umbauarbeiten in der Ev.Christuskirche in Waldbreitbach d\u00fcrfen die Ch\u00f6re im Dorfgemeinschaftshaus proben.<\/p>\n<p>Mehr noch: Dar\u00fcberhinaus wurden wir am Samstag auch noch mit einem leckeren Eintopfessen (gekocht von J\u00f6rg H\u00fchner- Skih\u00fctte Malberg) versorgt ! Vielen Dank, es war sehr lecker!!!<img loading=\"lazy\" decoding=\"async\" class=\"alignnone size-medium wp-image-1204\" src=\"http:\/\/www.gospelchor-klangfarben.de\/wp-content\/uploads\/2017\/10\/88D6007A-7EC5-4E10-84F5-811A252120D5-300x225.jpeg\" alt=\"\" width=\"300\" height=\"225\" srcset=\"http:\/\/www.gospelchor-klangfarben.de\/wp-content\/uploads\/2017\/10\/88D6007A-7EC5-4E10-84F5-811A252120D5-300x225.jpeg 300w, http:\/\/www.gospelchor-klangfarben.de\/wp-content\/uploads\/2017\/10\/88D6007A-7EC5-4E10-84F5-811A252120D5-768x576.jpeg 768w, http:\/\/www.gospelchor-klangfarben.de\/wp-content\/uploads\/2017\/10\/88D6007A-7EC5-4E10-84F5-811A252120D5-1024x768.jpeg 1024w, http:\/\/www.gospelchor-klangfarben.de\/wp-content\/uploads\/2017\/10\/88D6007A-7EC5-4E10-84F5-811A252120D5.jpeg 1280w\" sizes=\"auto, (max-width: 300px) 100vw, 300px\" \/> <img loading=\"lazy\" decoding=\"async\" class=\"alignnone size-medium wp-image-1205\" src=\"http:\/\/www.gospelchor-klangfarben.de\/wp-content\/uploads\/2017\/10\/9AFE5A09-935E-42DB-B5D6-FBC9EB59DAB6-300x225.jpeg\" alt=\"\" width=\"300\" height=\"225\" srcset=\"http:\/\/www.gospelchor-klangfarben.de\/wp-content\/uploads\/2017\/10\/9AFE5A09-935E-42DB-B5D6-FBC9EB59DAB6-300x225.jpeg 300w, http:\/\/www.gospelchor-klangfarben.de\/wp-content\/uploads\/2017\/10\/9AFE5A09-935E-42DB-B5D6-FBC9EB59DAB6-768x576.jpeg 768w, http:\/\/www.gospelchor-klangfarben.de\/wp-content\/uploads\/2017\/10\/9AFE5A09-935E-42DB-B5D6-FBC9EB59DAB6-1024x768.jpeg 1024w\" sizes=\"auto, (max-width: 300px) 100vw, 300px\" \/> <a href=\"http:\/\/www.gospelchor-klangfarben.de\/wp-content\/uploads\/2017\/10\/5A1EC861-6E27-4C8C-AD4F-B0B7155BC57A.mov\">5A1EC861-6E27-4C8C-AD4F-B0B7155BC57A<\/a><\/p>\n","protected":false},"excerpt":{"rendered":"<p>&#8230;.viel Spa\u00df und unvergessliche Momente erlebten die S\u00e4ngerinnen und S\u00e4nger, Schauspielenden und Musiker beim Probenwochenende mit dem Komponisten Daniel Scharfenberger. Ein herzliches Dankesch\u00f6n an die Ortsgemeinde Hausen\/ Wied und seinen B\u00fcrgermeister Karl Josef H\u00fchner- w\u00e4hrend der Umbauarbeiten in der Ev.Christuskirche <a class=\"more-link\" href=\"http:\/\/www.gospelchor-klangfarben.de\/?p=1203\"><span class=\"screen-reader-text\">  Viel Spa\u00df beim Probenwochenende<\/span> weiterlesen<span class=\"meta-nav\">&rarr;<\/span><\/a><\/p>\n","protected":false},"author":3,"featured_media":0,"comment_status":"open","ping_status":"open","sticky":false,"template":"","format":"standard","meta":{"ngg_post_thumbnail":0,"footnotes":""},"categories":[1],"tags":[],"class_list":["post-1203","post","type-post","status-publish","format-standard","hentry","category-allgemein"],"_links":{"self":[{"href":"http:\/\/www.gospelchor-klangfarben.de\/index.php?rest_route=\/wp\/v2\/posts\/1203","targetHints":{"allow":["GET"]}}],"collection":[{"href":"http:\/\/www.gospelchor-klangfarben.de\/index.php?rest_route=\/wp\/v2\/posts"}],"about":[{"href":"http:\/\/www.gospelchor-klangfarben.de\/index.php?rest_route=\/wp\/v2\/types\/post"}],"author":[{"embeddable":true,"href":"http:\/\/www.gospelchor-klangfarben.de\/index.php?rest_route=\/wp\/v2\/users\/3"}],"replies":[{"embeddable":true,"href":"http:\/\/www.gospelchor-klangfarben.de\/index.php?rest_route=%2Fwp%2Fv2%2Fcomments&post=1203"}],"version-history":[{"count":2,"href":"http:\/\/www.gospelchor-klangfarben.de\/index.php?rest_route=\/wp\/v2\/posts\/1203\/revisions"}],"predecessor-version":[{"id":1208,"href":"http:\/\/www.gospelchor-klangfarben.de\/index.php?rest_route=\/wp\/v2\/posts\/1203\/revisions\/1208"}],"wp:attachment":[{"href":"http:\/\/www.gospelchor-klangfarben.de\/index.php?rest_route=%2Fwp%2Fv2%2Fmedia&parent=1203"}],"wp:term":[{"taxonomy":"category","embeddable":true,"href":"http:\/\/www.gospelchor-klangfarben.de\/index.php?rest_route=%2Fwp%2Fv2%2Fcategories&post=1203"},{"taxonomy":"post_tag","embeddable":true,"href":"http:\/\/www.gospelchor-klangfarben.de\/index.php?rest_route=%2Fwp%2Fv2%2Ftags&post=1203"}],"curies":[{"name":"wp","href":"https:\/\/api.w.org\/{rel}","templated":true}]}}