{"id":245,"date":"2006-04-20T12:35:42","date_gmt":"2006-04-20T10:35:42","guid":{"rendered":"http:\/\/www.gospelchor-klangfarben.de\/?p=245"},"modified":"2013-05-03T12:42:33","modified_gmt":"2013-05-03T10:42:33","slug":"rhein-zeitung-20-04-2006","status":"publish","type":"post","link":"http:\/\/www.gospelchor-klangfarben.de\/?p=245","title":{"rendered":"Rhein-Zeitung 20.04.2006"},"content":{"rendered":"<p style=\"text-align: justify;\">ngg_shortcode_0_placeholder<\/p>\n<h1 style=\"text-align: justify;\">Chor hat nun Logo<\/h1>\n<p style=\"text-align: justify;\">Entwurf aus Over siegt<\/p>\n<p style=\"text-align: justify;\">WALDBREITBACH. Rolf Dieter Reichard aus Over hat mit seinem Logo-Entwurf f\u00fcr den Gospelchor \u201eKlangfarben&#8220; in Waldbreitbach im wahrsten Sinne den Ton am besten getroffen. Ende des vergangenen Jahres hatte der Chor einen Logo-Wettbewerb ausgeschrieben. Reichard bekam den Zuschlag.<\/p>\n<p style=\"text-align: justify;\">\u201e45, zum Teil k\u00fcnstlerisch hervorragende Vorschl\u00e4ge gingen ein, und die Qual der Wahl war gro\u00df&#8220;, blickt Chor-leiterin Petra Zupp zur\u00fcck. Doch nun steht es fest. Der 65-k\u00f6pfige Chor hat sein Logo. Es zeigt den Namenszug auf einer Grafik aus Spektralfarben mit knalligem Rot, Gelb, Blau, Gr\u00fcn oder Violett. Platz zwei ging an Esther Pistorius aus Trier, Platz drei an Michael Kr\u00f6ber (Trier). Beide erhalten handsignierte CDs des Gospelchores.<\/p>\n<p style=\"text-align: justify;\">Das Abstimmungsverfahren lief wie folgt ab: Es gab eine Vorauswahl. Eingegangene Entw\u00fcrfe konnten sich die Mitglieder auf der Homepage des Chores ansehen und dar\u00fcber abstimmen. Die ersten R\u00e4nge kamen dann in den Chorwahlgang. Jedes Chormitglied gab eine Bewertung f\u00fcr die Logo-Entw\u00fcrfe ab, die nun ausgedruckt in einer Mappe pr\u00e4sentiert worden sind. Das Logo mit der h\u00f6chsten Bewertung war schlie\u00dflich das von Rolf Dieter Reichard. Dieser durfte am k\u00fcrzlich den Preis, einen von der Firma Kluth gesponserten MP3-Player, in Empfang nehmen.<\/p>\n<p style=\"text-align: justify;\">Wer nun neugierig auf das Logo geworden ist, darf gerne einen Blick auf die Homepage des Chores werfen: www.gospelchor-klangfarben.de. (rgr)<\/p>\n","protected":false},"excerpt":{"rendered":"<p>Chor hat nun Logo Entwurf aus Over siegt WALDBREITBACH. Rolf Dieter Reichard aus Over hat mit seinem Logo-Entwurf f\u00fcr den Gospelchor \u201eKlangfarben&#8220; in Waldbreitbach im wahrsten Sinne den Ton am besten getroffen. Ende des vergangenen Jahres hatte der Chor einen <a class=\"more-link\" href=\"http:\/\/www.gospelchor-klangfarben.de\/?p=245\"><span class=\"screen-reader-text\">  Rhein-Zeitung 20.04.2006<\/span> weiterlesen<span class=\"meta-nav\">&rarr;<\/span><\/a><\/p>\n","protected":false},"author":1,"featured_media":0,"comment_status":"open","ping_status":"open","sticky":false,"template":"","format":"standard","meta":{"ngg_post_thumbnail":0,"footnotes":""},"categories":[3],"tags":[],"class_list":["post-245","post","type-post","status-publish","format-standard","hentry","category-pressestimmen"],"_links":{"self":[{"href":"http:\/\/www.gospelchor-klangfarben.de\/index.php?rest_route=\/wp\/v2\/posts\/245","targetHints":{"allow":["GET"]}}],"collection":[{"href":"http:\/\/www.gospelchor-klangfarben.de\/index.php?rest_route=\/wp\/v2\/posts"}],"about":[{"href":"http:\/\/www.gospelchor-klangfarben.de\/index.php?rest_route=\/wp\/v2\/types\/post"}],"author":[{"embeddable":true,"href":"http:\/\/www.gospelchor-klangfarben.de\/index.php?rest_route=\/wp\/v2\/users\/1"}],"replies":[{"embeddable":true,"href":"http:\/\/www.gospelchor-klangfarben.de\/index.php?rest_route=%2Fwp%2Fv2%2Fcomments&post=245"}],"version-history":[{"count":4,"href":"http:\/\/www.gospelchor-klangfarben.de\/index.php?rest_route=\/wp\/v2\/posts\/245\/revisions"}],"predecessor-version":[{"id":250,"href":"http:\/\/www.gospelchor-klangfarben.de\/index.php?rest_route=\/wp\/v2\/posts\/245\/revisions\/250"}],"wp:attachment":[{"href":"http:\/\/www.gospelchor-klangfarben.de\/index.php?rest_route=%2Fwp%2Fv2%2Fmedia&parent=245"}],"wp:term":[{"taxonomy":"category","embeddable":true,"href":"http:\/\/www.gospelchor-klangfarben.de\/index.php?rest_route=%2Fwp%2Fv2%2Fcategories&post=245"},{"taxonomy":"post_tag","embeddable":true,"href":"http:\/\/www.gospelchor-klangfarben.de\/index.php?rest_route=%2Fwp%2Fv2%2Ftags&post=245"}],"curies":[{"name":"wp","href":"https:\/\/api.w.org\/{rel}","templated":true}]}}