{"id":267,"date":"2006-01-24T13:28:04","date_gmt":"2006-01-24T11:28:04","guid":{"rendered":"http:\/\/www.gospelchor-klangfarben.de\/?p=267"},"modified":"2013-05-03T13:32:17","modified_gmt":"2013-05-03T11:32:17","slug":"rhein-zeitung-24-01-2006","status":"publish","type":"post","link":"http:\/\/www.gospelchor-klangfarben.de\/?p=267","title":{"rendered":"Rhein-Zeitung 24.01.2006"},"content":{"rendered":"<p style=\"text-align: justify;\"><strong>Ein Konzert mit meditativem Charakter<\/strong><\/p>\n<p>In der Waldbreitbacher Krippennacht f\u00fcgen sich Text und Gesang zu einem harmonischen Ganzen.<\/p>\n<p style=\"text-align: justify;\">ngg_shortcode_0_placeholder<\/p>\n<p style=\"text-align: justify;\">&#8230; Schlie\u00dflich trat der Gospelchor \u201eKlangfarben&#8220; unter Leitung von Petra Zupp auf, der Organistin der benachbarten evangelischen Christus-Kirche. Dieser umfangreiche Chor hat seinen besonderen Stil entwickelt &#8211; mit rhythmischem Klatschen und wiegenden Bewegungen der S\u00e4nger sowie \u00fcppigen eingespielten Orchesterbegleitungen. Das machte dem Publikum sichtlich Spa\u00df&#8230;.<\/p>\n","protected":false},"excerpt":{"rendered":"<p>Ein Konzert mit meditativem Charakter In der Waldbreitbacher Krippennacht f\u00fcgen sich Text und Gesang zu einem harmonischen Ganzen. &#8230; Schlie\u00dflich trat der Gospelchor \u201eKlangfarben&#8220; unter Leitung von Petra Zupp auf, der Organistin der benachbarten evangelischen Christus-Kirche. Dieser umfangreiche Chor hat <a class=\"more-link\" href=\"http:\/\/www.gospelchor-klangfarben.de\/?p=267\"><span class=\"screen-reader-text\">  Rhein-Zeitung 24.01.2006<\/span> weiterlesen<span class=\"meta-nav\">&rarr;<\/span><\/a><\/p>\n","protected":false},"author":1,"featured_media":0,"comment_status":"open","ping_status":"open","sticky":false,"template":"","format":"standard","meta":{"ngg_post_thumbnail":0,"footnotes":""},"categories":[3],"tags":[],"class_list":["post-267","post","type-post","status-publish","format-standard","hentry","category-pressestimmen"],"_links":{"self":[{"href":"http:\/\/www.gospelchor-klangfarben.de\/index.php?rest_route=\/wp\/v2\/posts\/267","targetHints":{"allow":["GET"]}}],"collection":[{"href":"http:\/\/www.gospelchor-klangfarben.de\/index.php?rest_route=\/wp\/v2\/posts"}],"about":[{"href":"http:\/\/www.gospelchor-klangfarben.de\/index.php?rest_route=\/wp\/v2\/types\/post"}],"author":[{"embeddable":true,"href":"http:\/\/www.gospelchor-klangfarben.de\/index.php?rest_route=\/wp\/v2\/users\/1"}],"replies":[{"embeddable":true,"href":"http:\/\/www.gospelchor-klangfarben.de\/index.php?rest_route=%2Fwp%2Fv2%2Fcomments&post=267"}],"version-history":[{"count":1,"href":"http:\/\/www.gospelchor-klangfarben.de\/index.php?rest_route=\/wp\/v2\/posts\/267\/revisions"}],"predecessor-version":[{"id":268,"href":"http:\/\/www.gospelchor-klangfarben.de\/index.php?rest_route=\/wp\/v2\/posts\/267\/revisions\/268"}],"wp:attachment":[{"href":"http:\/\/www.gospelchor-klangfarben.de\/index.php?rest_route=%2Fwp%2Fv2%2Fmedia&parent=267"}],"wp:term":[{"taxonomy":"category","embeddable":true,"href":"http:\/\/www.gospelchor-klangfarben.de\/index.php?rest_route=%2Fwp%2Fv2%2Fcategories&post=267"},{"taxonomy":"post_tag","embeddable":true,"href":"http:\/\/www.gospelchor-klangfarben.de\/index.php?rest_route=%2Fwp%2Fv2%2Ftags&post=267"}],"curies":[{"name":"wp","href":"https:\/\/api.w.org\/{rel}","templated":true}]}}