{"id":985,"date":"2016-07-10T12:21:34","date_gmt":"2016-07-10T10:21:34","guid":{"rendered":"http:\/\/www.gospelchor-klangfarben.de\/?p=985"},"modified":"2016-07-10T12:29:21","modified_gmt":"2016-07-10T10:29:21","slug":"ein-sommerkonzert-vom-feinsten","status":"publish","type":"post","link":"http:\/\/www.gospelchor-klangfarben.de\/?p=985","title":{"rendered":"&#8222;Ein Sommerkonzert vom Feinsten&#8220;"},"content":{"rendered":"<p><img loading=\"lazy\" decoding=\"async\" class=\"size-medium wp-image-989 aligncenter\" src=\"http:\/\/www.gospelchor-klangfarben.de\/wp-content\/uploads\/2016\/07\/2-300x225.jpg\" alt=\"2\" width=\"300\" height=\"225\" srcset=\"http:\/\/www.gospelchor-klangfarben.de\/wp-content\/uploads\/2016\/07\/2-300x225.jpg 300w, http:\/\/www.gospelchor-klangfarben.de\/wp-content\/uploads\/2016\/07\/2-768x576.jpg 768w, http:\/\/www.gospelchor-klangfarben.de\/wp-content\/uploads\/2016\/07\/2.jpg 960w\" sizes=\"auto, (max-width: 300px) 100vw, 300px\" \/><\/p>\n<p>Mit dem Sommerkonzert des Gospelchores Klangfarben hielt der Sommer im Wiedbachtal Einzug.<br \/>\nDie Kirche war bis auf den letzten Platz gef\u00fcllt &#8211; die Stimmung pr\u00e4chtig und bei so viel Zuspruch aus dem Publikum fiel es dem Gospelchor Klangfarben nicht schwer, \u00fcber sich hinaus zu wachsen.<br \/>\nEin Sommerkonzert vom Feinsten &#8211; versprach Moderator Werner Zupp zu Beginn des Konzertes &#8211; und daran lie\u00dfen die Klangfarben keinen Zweifel.<br \/>\nEin wundersch\u00f6nes Konzert, mit dem sich der Gospelchor Klangfarben einmal mehr in die Herzen des Publikums gesungen hat und das sicherlich allen noch lange in Erinnerung bleiben wird.<\/p>\n<p><img loading=\"lazy\" decoding=\"async\" class=\" wp-image-990 aligncenter\" src=\"http:\/\/www.gospelchor-klangfarben.de\/wp-content\/uploads\/2016\/07\/3-300x222.jpg\" alt=\"3\" width=\"350\" height=\"262\" \/><br \/>\n<img loading=\"lazy\" decoding=\"async\" class=\" wp-image-987 aligncenter\" src=\"http:\/\/www.gospelchor-klangfarben.de\/wp-content\/uploads\/2016\/07\/1-300x225.jpg\" alt=\"1\" width=\"343\" height=\"260\" \/><\/p>\n","protected":false},"excerpt":{"rendered":"<p>Mit dem Sommerkonzert des Gospelchores Klangfarben hielt der Sommer im Wiedbachtal Einzug. Die Kirche war bis auf den letzten Platz gef\u00fcllt &#8211; die Stimmung pr\u00e4chtig und bei so viel Zuspruch aus dem Publikum fiel es dem Gospelchor Klangfarben nicht schwer, <a class=\"more-link\" href=\"http:\/\/www.gospelchor-klangfarben.de\/?p=985\"><span class=\"screen-reader-text\">  &#8222;Ein Sommerkonzert vom Feinsten&#8220;<\/span> weiterlesen<span class=\"meta-nav\">&rarr;<\/span><\/a><\/p>\n","protected":false},"author":3,"featured_media":0,"comment_status":"open","ping_status":"open","sticky":false,"template":"","format":"standard","meta":{"ngg_post_thumbnail":0,"footnotes":""},"categories":[1],"tags":[],"class_list":["post-985","post","type-post","status-publish","format-standard","hentry","category-allgemein"],"_links":{"self":[{"href":"http:\/\/www.gospelchor-klangfarben.de\/index.php?rest_route=\/wp\/v2\/posts\/985","targetHints":{"allow":["GET"]}}],"collection":[{"href":"http:\/\/www.gospelchor-klangfarben.de\/index.php?rest_route=\/wp\/v2\/posts"}],"about":[{"href":"http:\/\/www.gospelchor-klangfarben.de\/index.php?rest_route=\/wp\/v2\/types\/post"}],"author":[{"embeddable":true,"href":"http:\/\/www.gospelchor-klangfarben.de\/index.php?rest_route=\/wp\/v2\/users\/3"}],"replies":[{"embeddable":true,"href":"http:\/\/www.gospelchor-klangfarben.de\/index.php?rest_route=%2Fwp%2Fv2%2Fcomments&post=985"}],"version-history":[{"count":7,"href":"http:\/\/www.gospelchor-klangfarben.de\/index.php?rest_route=\/wp\/v2\/posts\/985\/revisions"}],"predecessor-version":[{"id":997,"href":"http:\/\/www.gospelchor-klangfarben.de\/index.php?rest_route=\/wp\/v2\/posts\/985\/revisions\/997"}],"wp:attachment":[{"href":"http:\/\/www.gospelchor-klangfarben.de\/index.php?rest_route=%2Fwp%2Fv2%2Fmedia&parent=985"}],"wp:term":[{"taxonomy":"category","embeddable":true,"href":"http:\/\/www.gospelchor-klangfarben.de\/index.php?rest_route=%2Fwp%2Fv2%2Fcategories&post=985"},{"taxonomy":"post_tag","embeddable":true,"href":"http:\/\/www.gospelchor-klangfarben.de\/index.php?rest_route=%2Fwp%2Fv2%2Ftags&post=985"}],"curies":[{"name":"wp","href":"https:\/\/api.w.org\/{rel}","templated":true}]}}