{"id":1170,"date":"2017-09-07T12:23:47","date_gmt":"2017-09-07T10:23:47","guid":{"rendered":"http:\/\/www.gospelchor-klangfarben.de\/?p=1170"},"modified":"2017-09-17T10:04:40","modified_gmt":"2017-09-17T08:04:40","slug":"karten-zum-weihnachtsmusical","status":"publish","type":"post","link":"https:\/\/www.gospelchor-klangfarben.de\/?p=1170","title":{"rendered":"Karten zum Weihnachtsmusical"},"content":{"rendered":"<p>&nbsp;<\/p>\n<p>Seit Dienstag, dem 05. September 2017 sind die Karten f\u00fcr das Weihnachtsmusical &#8222;Es begab sich aber zu der Zeit&#8220; am 16. und 17. Dezember 2017 jeweils um 18.00 Uhr in der Marktkirche zu Neuwied bei allen Chormitgliedern erh\u00e4ltlich. Auch bei den angegebenen Vorverkaufsstellen geht es los. Nicht lange z\u00f6gern und warten,&#8230;..sondern sich jetzt schon Karten zu einem einzigartigen Event sichern. Die Zuschauer &#8211; und h\u00f6rer d\u00fcrfen sich auf neue Szenen und Musik freuen.Ch\u00f6re, SchauspielerInnen, SchneiderInnen und der Kulissenbauer sind schon flei\u00dfig bei der Arbeit !!!<\/p>\n","protected":false},"excerpt":{"rendered":"<p>&nbsp; Seit Dienstag, dem 05. September 2017 sind die Karten f\u00fcr das Weihnachtsmusical &#8222;Es begab sich aber zu der Zeit&#8220; am 16. und 17. Dezember 2017 jeweils um 18.00 Uhr in der Marktkirche zu Neuwied bei allen Chormitgliedern erh\u00e4ltlich. Auch <a class=\"more-link\" href=\"https:\/\/www.gospelchor-klangfarben.de\/?p=1170\"><span class=\"screen-reader-text\">  Karten zum Weihnachtsmusical<\/span> weiterlesen<span class=\"meta-nav\">&rarr;<\/span><\/a><\/p>\n","protected":false},"author":3,"featured_media":0,"comment_status":"open","ping_status":"open","sticky":false,"template":"","format":"standard","meta":{"ngg_post_thumbnail":0,"footnotes":""},"categories":[1],"tags":[],"class_list":["post-1170","post","type-post","status-publish","format-standard","hentry","category-allgemein"],"_links":{"self":[{"href":"https:\/\/www.gospelchor-klangfarben.de\/index.php?rest_route=\/wp\/v2\/posts\/1170","targetHints":{"allow":["GET"]}}],"collection":[{"href":"https:\/\/www.gospelchor-klangfarben.de\/index.php?rest_route=\/wp\/v2\/posts"}],"about":[{"href":"https:\/\/www.gospelchor-klangfarben.de\/index.php?rest_route=\/wp\/v2\/types\/post"}],"author":[{"embeddable":true,"href":"https:\/\/www.gospelchor-klangfarben.de\/index.php?rest_route=\/wp\/v2\/users\/3"}],"replies":[{"embeddable":true,"href":"https:\/\/www.gospelchor-klangfarben.de\/index.php?rest_route=%2Fwp%2Fv2%2Fcomments&post=1170"}],"version-history":[{"count":8,"href":"https:\/\/www.gospelchor-klangfarben.de\/index.php?rest_route=\/wp\/v2\/posts\/1170\/revisions"}],"predecessor-version":[{"id":1191,"href":"https:\/\/www.gospelchor-klangfarben.de\/index.php?rest_route=\/wp\/v2\/posts\/1170\/revisions\/1191"}],"wp:attachment":[{"href":"https:\/\/www.gospelchor-klangfarben.de\/index.php?rest_route=%2Fwp%2Fv2%2Fmedia&parent=1170"}],"wp:term":[{"taxonomy":"category","embeddable":true,"href":"https:\/\/www.gospelchor-klangfarben.de\/index.php?rest_route=%2Fwp%2Fv2%2Fcategories&post=1170"},{"taxonomy":"post_tag","embeddable":true,"href":"https:\/\/www.gospelchor-klangfarben.de\/index.php?rest_route=%2Fwp%2Fv2%2Ftags&post=1170"}],"curies":[{"name":"wp","href":"https:\/\/api.w.org\/{rel}","templated":true}]}}