{"id":1855,"date":"2020-03-13T18:11:00","date_gmt":"2020-03-13T16:11:00","guid":{"rendered":"http:\/\/www.gospelchor-klangfarben.de\/?p=1855"},"modified":"2020-08-25T20:30:17","modified_gmt":"2020-08-25T18:30:17","slug":"musical-passion-verschoben","status":"publish","type":"post","link":"https:\/\/www.gospelchor-klangfarben.de\/?p=1855","title":{"rendered":"Musical PASSION verschoben"},"content":{"rendered":"\n<p>\u2026leider bleibt auch uns nichts anderes \u00fcbrig.<\/p>\n\n\n\n<figure class=\"wp-block-image size-large\"><img loading=\"lazy\" decoding=\"async\" width=\"696\" height=\"966\" src=\"http:\/\/www.gospelchor-klangfarben.de\/wp-content\/uploads\/2020\/03\/IMG-20200313-WA0009.jpg\" alt=\"\" class=\"wp-image-1857\" srcset=\"https:\/\/www.gospelchor-klangfarben.de\/wp-content\/uploads\/2020\/03\/IMG-20200313-WA0009.jpg 696w, https:\/\/www.gospelchor-klangfarben.de\/wp-content\/uploads\/2020\/03\/IMG-20200313-WA0009-216x300.jpg 216w\" sizes=\"auto, (max-width: 696px) 100vw, 696px\" \/><\/figure>\n\n\n\n<p>Das Musical PASSION wird um ein Jahr auf den 20. und 21. M\u00e4rz 2021 verschoben\u2026!!!<br>Die Eintrittskarten behalten selbstverst\u00e4ndlich Ihre G\u00fcltigkeit. Diese m\u00fcssen allerdings im kommenden Jahr vorgelegt werden.<br> ( Samstag,4.April = 20.M\u00e4rz 2021<br> Sonntag,5.April=21.M\u00e4rz 2021)<br> Vielen Dank f\u00fcr Ihr Verst\u00e4ndnis <br><\/p>\n\n\n\n<p>\u2026.und bleiben Sie gesund.<\/p>\n\n\n\n<p><\/p>\n","protected":false},"excerpt":{"rendered":"<p>\u2026leider bleibt auch uns nichts anderes \u00fcbrig. Das Musical PASSION wird um ein Jahr auf den 20. und 21. M\u00e4rz 2021 verschoben\u2026!!!Die Eintrittskarten behalten selbstverst\u00e4ndlich Ihre G\u00fcltigkeit. Diese m\u00fcssen allerdings im kommenden Jahr vorgelegt werden. ( Samstag,4.April = 20.M\u00e4rz 2021 <a class=\"more-link\" href=\"https:\/\/www.gospelchor-klangfarben.de\/?p=1855\"><span class=\"screen-reader-text\">  Musical PASSION verschoben<\/span> weiterlesen<span class=\"meta-nav\">&rarr;<\/span><\/a><\/p>\n","protected":false},"author":1,"featured_media":1857,"comment_status":"closed","ping_status":"closed","sticky":false,"template":"","format":"standard","meta":{"ngg_post_thumbnail":0,"footnotes":""},"categories":[1],"tags":[],"class_list":["post-1855","post","type-post","status-publish","format-standard","has-post-thumbnail","hentry","category-allgemein"],"_links":{"self":[{"href":"https:\/\/www.gospelchor-klangfarben.de\/index.php?rest_route=\/wp\/v2\/posts\/1855","targetHints":{"allow":["GET"]}}],"collection":[{"href":"https:\/\/www.gospelchor-klangfarben.de\/index.php?rest_route=\/wp\/v2\/posts"}],"about":[{"href":"https:\/\/www.gospelchor-klangfarben.de\/index.php?rest_route=\/wp\/v2\/types\/post"}],"author":[{"embeddable":true,"href":"https:\/\/www.gospelchor-klangfarben.de\/index.php?rest_route=\/wp\/v2\/users\/1"}],"replies":[{"embeddable":true,"href":"https:\/\/www.gospelchor-klangfarben.de\/index.php?rest_route=%2Fwp%2Fv2%2Fcomments&post=1855"}],"version-history":[{"count":3,"href":"https:\/\/www.gospelchor-klangfarben.de\/index.php?rest_route=\/wp\/v2\/posts\/1855\/revisions"}],"predecessor-version":[{"id":1859,"href":"https:\/\/www.gospelchor-klangfarben.de\/index.php?rest_route=\/wp\/v2\/posts\/1855\/revisions\/1859"}],"wp:featuredmedia":[{"embeddable":true,"href":"https:\/\/www.gospelchor-klangfarben.de\/index.php?rest_route=\/wp\/v2\/media\/1857"}],"wp:attachment":[{"href":"https:\/\/www.gospelchor-klangfarben.de\/index.php?rest_route=%2Fwp%2Fv2%2Fmedia&parent=1855"}],"wp:term":[{"taxonomy":"category","embeddable":true,"href":"https:\/\/www.gospelchor-klangfarben.de\/index.php?rest_route=%2Fwp%2Fv2%2Fcategories&post=1855"},{"taxonomy":"post_tag","embeddable":true,"href":"https:\/\/www.gospelchor-klangfarben.de\/index.php?rest_route=%2Fwp%2Fv2%2Ftags&post=1855"}],"curies":[{"name":"wp","href":"https:\/\/api.w.org\/{rel}","templated":true}]}}