{"id":203,"date":"2007-03-02T22:50:19","date_gmt":"2007-03-02T20:50:19","guid":{"rendered":"http:\/\/www.gospelchor-klangfarben.de\/?p=203"},"modified":"2013-05-02T23:10:53","modified_gmt":"2013-05-02T21:10:53","slug":"blick-aktuell-waldbreitbach-032007","status":"publish","type":"post","link":"https:\/\/www.gospelchor-klangfarben.de\/?p=203","title":{"rendered":"Blick aktuell &#8211; Waldbreitbach 03\/2007"},"content":{"rendered":"<p style=\"text-align: justify;\">Waldbreitbach. Die Katholische Kirche St. Maria Himmelfahrt in Waldbreitbach war voll besetzt, ein Zeichen daf\u00fcr, dass die Konzerte an der Krippe zu einer beliebten Tradition geworden sind. Nach der Orgel-Musik zum Eingang von Dekanatskantor Peter Uhl begr\u00fc\u00dfte der Krippenbauer der Krippe in dieser Kirche Gustl Hertling alle Anwesenden und w\u00fcnschte ihnen viel Freude anl\u00e4sslich der \u00d6kumenischen Krippennacht. Das Thema dieses Abends lautete \u201eDie Wurzel&#8220;. Die Ausf\u00fchrenden, die die Krippennacht gestaltet haben waren Pfarrer Mettel, Pfarrerin Kr\u00fcger-Sandmann, Kaplan Hermes, Gospelchor Klangfarben unter der Leitung von Petra Zupp, die auch die Songs auf ihrem Keyboard begleitete, Jugendchor Waldbreitbach und Gustl Hertling und das Vokalensemble TonART unter der Leitung von Peter Uhl. Gemeinsam wurde zum Auftakt das Lied \u201eNun freuet Euch, Ihr Christen&#8220; (Gotteslob 143) gesungen. Gustl Hertling las aus Jesaja 11 Vers 1-10. Pfarrer Mettel betete im Wechsel mit der Gemeinde den \u201ePsalm 1 Gotteslob 708&#8243;. Vom Gospelchor erklang das innige Lied \u201eLean on me&#8220; von Bill Withers, Gwyn Arch. 09. Das Solo sang die Mezzo-Sopranistin Tanja Lenz mit ihrem besonderen Timbre. Der 2. Liedvortrag war \u201eWer ist das Kind&#8220;,, von William C. Dix, England im 17. Jahrhundert. In ihrem Gebet wies die Pfarrerin Kr\u00fcger-Sandmann auf die verschiedenen Begriffe, in denen das Wort Wurzel enthalten ist und immer eine andere Bedeutung hat. Der Mensch ist verwurzelt mit seiner Heimat, seinem Geburtsort, seiner Tradition. Wurzeln geben Kraft und neues Leben. Es folgte die Meditation: \u201eVon der Wurzel bis zur Frucht mit einer Orgelimprovisation.&#8220; Pfarrer Mettel trat zu der gro\u00dfen Akazienwurzel, deren einzelne Zweige nach oben zeigen. Diese 300 Jahre alte Wurzel wiegt ca. 8 Zentner und wurde von Gustl Hertling im Wald gefunden. Jedes Jahr wird sie mit viel Liebe von der K\u00fcsterin Hedi Huber geschm\u00fcckt. Der Pfarrer stellte sich die Wurzel vor, als sie noch in der Erde steckte und &#8217;sie der wichtigste Teil eines stattlichen Baumes war. Er sprach von den Str\u00f6men des Lebens, die durch den Baum, seine \u00c4ste und Bl\u00e4tter flie\u00dfen und von den Fr\u00fcchten. Ohne Wurzeln kann keine Pflanze leben. Peter Pfuhl brachte zu diesem Vortrag eine seiner komponierten Orgelimprovisationen zu Geh\u00f6r, die ganz zart im Piano begann und sich langsam zum Fortissimo steigerte und das geschah im Wechsel. Eine mystisch wirkende Musik, die unter die Haut ging. Gemeinsam wurde \u201eEs ist ein Ros entsprungen&#8220; gesungen. Von John Rutter stammt \u201eNativity Carol&#8220; ein gef\u00fchlvolles Lied, ein Vortrag des Jugendchors Waldbreitbach und des Vokalensembles TonART. Peter Pfuhl begleitete die einzelnen Musikbeitr\u00e4ge auf dem Klavier. Ebenso wie der Gospelchor Klangfarben sangen die Chormitglieder mit viel Hingabe und gro\u00dfem Engagement. Auch Pfarrer Ulrich Oberd\u00f6rster hatte sich einige Gedanken zum Thema gemacht und bezog sich auf den Propheten Jesa-ja11,1-10.<\/p>\n<p style=\"text-align: justify;\">Nun sangen alle das Lied: \u201e0 Heiland, rei\u00df die Himmel auf&#8220;. Beseelt war das Spiritual \u201eThe first noel&#8220;, heiter und beschwingt das \u201eGloria&#8220;, das vom Gospelchor Klangfarben sehr sch\u00f6n vorgetragen wurde. Vom Jugendchor Waldbreibach und dem Vokalensemble TonART erklangen \u201eWurzeln, tief im Boden&#8220; und \u201eThe holly an the ivy&#8220; mit dem Solisten Wolfgang Hoff, der eine bemerkenswerte Stimme besitzt. Gemeinsam wurde das Lied \u201eIch steh an Deiner Krippe hier&#8220; gesungen. Nach dem gemeinsamen Lied \u201eKomm, Herr segne uns&#8220; erf\u00fcllte ein Riesenapplaus das Gottesbaus, ein gro\u00dfes Dankesch\u00f6n an alle Ausf\u00fchrenden und ihre Darbietungen.<\/p>\n<p style=\"text-align: justify;\">ngg_shortcode_0_placeholder<\/p>\n","protected":false},"excerpt":{"rendered":"<p>Waldbreitbach. Die Katholische Kirche St. Maria Himmelfahrt in Waldbreitbach war voll besetzt, ein Zeichen daf\u00fcr, dass die Konzerte an der Krippe zu einer beliebten Tradition geworden sind. Nach der Orgel-Musik zum Eingang von Dekanatskantor Peter Uhl begr\u00fc\u00dfte der Krippenbauer der <a class=\"more-link\" href=\"https:\/\/www.gospelchor-klangfarben.de\/?p=203\"><span class=\"screen-reader-text\">  Blick aktuell &#8211; Waldbreitbach 03\/2007<\/span> weiterlesen<span class=\"meta-nav\">&rarr;<\/span><\/a><\/p>\n","protected":false},"author":1,"featured_media":0,"comment_status":"open","ping_status":"open","sticky":false,"template":"","format":"standard","meta":{"ngg_post_thumbnail":0,"footnotes":""},"categories":[3],"tags":[],"class_list":["post-203","post","type-post","status-publish","format-standard","hentry","category-pressestimmen"],"_links":{"self":[{"href":"https:\/\/www.gospelchor-klangfarben.de\/index.php?rest_route=\/wp\/v2\/posts\/203","targetHints":{"allow":["GET"]}}],"collection":[{"href":"https:\/\/www.gospelchor-klangfarben.de\/index.php?rest_route=\/wp\/v2\/posts"}],"about":[{"href":"https:\/\/www.gospelchor-klangfarben.de\/index.php?rest_route=\/wp\/v2\/types\/post"}],"author":[{"embeddable":true,"href":"https:\/\/www.gospelchor-klangfarben.de\/index.php?rest_route=\/wp\/v2\/users\/1"}],"replies":[{"embeddable":true,"href":"https:\/\/www.gospelchor-klangfarben.de\/index.php?rest_route=%2Fwp%2Fv2%2Fcomments&post=203"}],"version-history":[{"count":5,"href":"https:\/\/www.gospelchor-klangfarben.de\/index.php?rest_route=\/wp\/v2\/posts\/203\/revisions"}],"predecessor-version":[{"id":207,"href":"https:\/\/www.gospelchor-klangfarben.de\/index.php?rest_route=\/wp\/v2\/posts\/203\/revisions\/207"}],"wp:attachment":[{"href":"https:\/\/www.gospelchor-klangfarben.de\/index.php?rest_route=%2Fwp%2Fv2%2Fmedia&parent=203"}],"wp:term":[{"taxonomy":"category","embeddable":true,"href":"https:\/\/www.gospelchor-klangfarben.de\/index.php?rest_route=%2Fwp%2Fv2%2Fcategories&post=203"},{"taxonomy":"post_tag","embeddable":true,"href":"https:\/\/www.gospelchor-klangfarben.de\/index.php?rest_route=%2Fwp%2Fv2%2Ftags&post=203"}],"curies":[{"name":"wp","href":"https:\/\/api.w.org\/{rel}","templated":true}]}}