{"id":221,"date":"2007-01-03T11:14:29","date_gmt":"2007-01-03T09:14:29","guid":{"rendered":"http:\/\/www.gospelchor-klangfarben.de\/?p=221"},"modified":"2013-05-03T11:23:07","modified_gmt":"2013-05-03T09:23:07","slug":"blick-aktuell-waldbreitbach-012007","status":"publish","type":"post","link":"https:\/\/www.gospelchor-klangfarben.de\/?p=221","title":{"rendered":"Blick aktuell &#8211; Waldbreitbach 01\/2007"},"content":{"rendered":"ngg_shortcode_0_placeholder\n<p style=\"text-align: justify;\">Hausen. Auch in diesem Jahr machte der Gospelchor \u201eKlangfarben&#8220; und der Menschenkinderchor Furore mit der Auff\u00fchrung der Weihnachtsgeschichte, die gesungen und gespielt wurde. Dabei waren es die Kinder, die beim Publikum mit ihrem wunderbaren Vortrag R\u00fchrung ausl\u00f6sten. Die Chorleiterin Petra Zupp hie\u00df alle herzlich willkommen und brachte ihre Freude zum Ausdruck \u00fcber die zahlreich erschienenen Besucher. Landrat Rainer Kaul hat es sich nicht nehmen lassen, mit seiner Gattin dieses bemerkenswerte Konzert wahrzunehmen. Auch Renate Pepper MDL, Verbandsb\u00fcrgermeister Alfons Becker und Ortsb\u00fcrgermeister Karl-Josef H\u00fchner waren unter den G\u00e4sten. Die Kirche war in ein dunkles Licht getaucht. Die beliebte Sopranistin Tina Lehnert schritt durch den Kirchenraum auf den Altar zu und er\u00f6ffnete mit \u201eSilent Night, Holy Night&#8220; das Konzert. Der Gospelchor brachte a capella das \u201eHalleluja Salvation and Glory&#8220;, das durch die hervorragende Akustik des Gotteshauses besonders polyphon und klangsch\u00f6n wirkte. Der Evangelische Pfarrer Ulrich Oberd\u00f6rster aus Waldbreitbach erz\u00e4hlte mit seiner angenehmen Stimme in mehreren Abschnitten die Weihnachtsgeschichte und die Kinder f\u00fchrten sie auf. Sie waren sehr diszipliniert und folgten den kurzen Anweisungen ihrer Dirigentin. Sie hatten h\u00fcbsche Stimmen, sangen und sprachen erstaunlich deutlich. Diese Auff\u00fchrung machte auch den Kindern viel Freude und sie waren mit viel Eifer dabei.<\/p>\n<p style=\"text-align: justify;\">ngg_shortcode_1_placeholder<\/p>\n<p style=\"text-align: justify;\">Tanja Lenz (Mezzosopran) brachte das beeindruckende Lied \u201eLean on me&#8220; mit ihrem besonderen Timbre zu Geh\u00f6r. Auch die beiden anderen Sopranstimmen des Gospelchores Sabrina Oster und Beate Schlicht gl\u00e4nzten mit ihren Soli w\u00e4hrend der Durchf\u00fchrung. \u201eAuf dem Weg nach Bethlehem&#8220;, den Maria (Nele Alda) und Josef (Tim Jonas L\u00fcbeth) gemeinsam gingen, ist ein Kindersolo, wobei der Refrain vom beiden Ch\u00f6ren gesungen wurde. Maria war von dem langen Laufen m\u00fcde geworden, ihre F\u00fc\u00dfe schmerzten. Die Beiden fanden keine Herberge. Alle Zimmer in diesem Ort waren ausgebucht. Letztendlich fanden sie in einem alten Stall ein Pl\u00e4tzchen, wo sie ausruhen konnten. \u201eMitten in der Nacht&#8220; sangen die Kinder. Die drei Hirten waren in der N\u00e4he der bescheidenen Herberge. Da erklang vom Gospelchor \u201eNoel&#8220;. Der Chor, der von Konzert zu Konzert immer gr\u00f6\u00dfer wird, verf\u00fcgt \u00fcber ein enormes Stimmenpotential mit wundervollen Klangfarben. Wenn die Chormitglieder singen, wiegen sie sich im Takt. Petra Zupp begleitet ihre Ch\u00f6re auf dem Keyboard kongenial. \u201eF\u00fcr das Arrangement eines jeden Songs ben\u00f6tige ich einige Stunden&#8220; erkl\u00e4rt sie und sie beherrscht ihr Instrument hervorragend. Sie ist, ebenso wie ihre S\u00e4ngerinnen und S\u00e4nger mit Leib und Seele dabei und daf\u00fcr spricht die gro\u00dfe Beliebtheit dieses gesch\u00e4tzten Chores. Der Raum der evangelischen Kirche wurde mit der Zeit zu klein, nun ist auch die Klosterkirche bald zu klein, es wurden noch Sitzpl\u00e4tze geschaffen. In der Zwischenzeit hatte Maria das Jesuskind zur Welt gebracht. Die Engel verk\u00fcndeten seine Geburt in einem Kanon mit einem freudigen \u201eGloria&#8220;. Die Hirten wunderten sich \u00fcber die Engel. \u201eFolgen wir dem Stern von Bethlehem, der f\u00fchrt uns zum Kind&#8220; sangen alle Kinder. Dann erklang \u201eIn der Nacht von Bethlehem ist uns ein Kind geboren&#8220;. \u201eDer Retter der Welt soll es sein&#8220; triumphierte der Gospelchor und sang gemeinsam mit dem Menschenkinderchor \u201eAuf einmal ist uns der Himmel ganz nah, er ist auf einmal mitten unter uns&#8220;. Josefs Zweifel waren verschwunden: \u201eDu hast Recht Maria, es ist ein besonderes Kind. Gott ist Mensch geworden.&#8220;<\/p>\n<p style=\"text-align: justify;\">ngg_shortcode_2_placeholder<\/p>\n","protected":false},"excerpt":{"rendered":"<p>Hausen. Auch in diesem Jahr machte der Gospelchor \u201eKlangfarben&#8220; und der Menschenkinderchor Furore mit der Auff\u00fchrung der Weihnachtsgeschichte, die gesungen und gespielt wurde. Dabei waren es die Kinder, die beim Publikum mit ihrem wunderbaren Vortrag R\u00fchrung ausl\u00f6sten. Die Chorleiterin Petra <a class=\"more-link\" href=\"https:\/\/www.gospelchor-klangfarben.de\/?p=221\"><span class=\"screen-reader-text\">  Blick aktuell &#8211; Waldbreitbach 01\/2007<\/span> weiterlesen<span class=\"meta-nav\">&rarr;<\/span><\/a><\/p>\n","protected":false},"author":1,"featured_media":0,"comment_status":"open","ping_status":"open","sticky":false,"template":"","format":"standard","meta":{"ngg_post_thumbnail":0,"footnotes":""},"categories":[3],"tags":[],"class_list":["post-221","post","type-post","status-publish","format-standard","hentry","category-pressestimmen"],"_links":{"self":[{"href":"https:\/\/www.gospelchor-klangfarben.de\/index.php?rest_route=\/wp\/v2\/posts\/221","targetHints":{"allow":["GET"]}}],"collection":[{"href":"https:\/\/www.gospelchor-klangfarben.de\/index.php?rest_route=\/wp\/v2\/posts"}],"about":[{"href":"https:\/\/www.gospelchor-klangfarben.de\/index.php?rest_route=\/wp\/v2\/types\/post"}],"author":[{"embeddable":true,"href":"https:\/\/www.gospelchor-klangfarben.de\/index.php?rest_route=\/wp\/v2\/users\/1"}],"replies":[{"embeddable":true,"href":"https:\/\/www.gospelchor-klangfarben.de\/index.php?rest_route=%2Fwp%2Fv2%2Fcomments&post=221"}],"version-history":[{"count":3,"href":"https:\/\/www.gospelchor-klangfarben.de\/index.php?rest_route=\/wp\/v2\/posts\/221\/revisions"}],"predecessor-version":[{"id":224,"href":"https:\/\/www.gospelchor-klangfarben.de\/index.php?rest_route=\/wp\/v2\/posts\/221\/revisions\/224"}],"wp:attachment":[{"href":"https:\/\/www.gospelchor-klangfarben.de\/index.php?rest_route=%2Fwp%2Fv2%2Fmedia&parent=221"}],"wp:term":[{"taxonomy":"category","embeddable":true,"href":"https:\/\/www.gospelchor-klangfarben.de\/index.php?rest_route=%2Fwp%2Fv2%2Fcategories&post=221"},{"taxonomy":"post_tag","embeddable":true,"href":"https:\/\/www.gospelchor-klangfarben.de\/index.php?rest_route=%2Fwp%2Fv2%2Ftags&post=221"}],"curies":[{"name":"wp","href":"https:\/\/api.w.org\/{rel}","templated":true}]}}