{"id":225,"date":"2007-01-05T11:24:40","date_gmt":"2007-01-05T09:24:40","guid":{"rendered":"http:\/\/www.gospelchor-klangfarben.de\/?p=225"},"modified":"2013-05-03T11:42:55","modified_gmt":"2013-05-03T09:42:55","slug":"rhein-zeitung-05-01-2007","status":"publish","type":"post","link":"https:\/\/www.gospelchor-klangfarben.de\/?p=225","title":{"rendered":"Rhein-Zeitung 05.01.2007"},"content":{"rendered":"<p style=\"text-align: justify;\"><strong>Stimmungsvolles Weihnachtskonzert in der Hausener Klosterkirche.<\/strong><\/p>\n<p style=\"text-align: justify;\">ngg_shortcode_0_placeholder<\/p>\n<p style=\"text-align: justify;\">\u201eEs ist sch\u00f6n, dass Sie zu uns gefunden haben, und wir sind froh, dass Sie da sind&#8220;, mit diesen Worten begr\u00fc\u00dfte die Chorleiterin des Waldbreitbacher Gospelchors \u201eKlangfarben&#8220; und des \u201eMenschenkinderchores&#8220; der Evangelischen Kirchengemeinde Waldbreitbach, Petra Zupp, die mehr als 400 G\u00e4ste des Weihnachtskonzertes in der Klosterkirche Hausen.<\/p>\n<p style=\"text-align: justify;\">Gleich zu Beginn richtete sie einen besonderen Dank an die Gastgeber, die Franziskanerbr\u00fcder vom Heiligen Kreuz, vertreten durch den Generalsuperior Bruder Ulrich.<\/p>\n<p style=\"text-align: justify;\">Als Ehreng\u00e4ste begr\u00fc\u00dfte Petra Zupp unter anderem Landrat Rainer Kaul und die Landtagsabgeordnete Renate Pepper.<\/p>\n<p style=\"text-align: justify;\">Der \u201eMenschenkinderchor&#8220; trug die \u201eWeihnachtsgeschichte&#8220; von der Verk\u00fcndigung bis zur Geburt Christi vor. Viel Applaus ernteten auch die jungen Solisten. Zwischen den einzelnen Passagen sang der Gospelchor \u201eKlangfarben&#8220; bekannte Weisen der Weihnachtszeit in deutscher und englischer Sprache.<\/p>\n<p style=\"text-align: justify;\">\u2022 Foto: (c)2007 Creativ-Picture, Heinz Werner Lamberz<\/p>\n","protected":false},"excerpt":{"rendered":"<p>Stimmungsvolles Weihnachtskonzert in der Hausener Klosterkirche. \u201eEs ist sch\u00f6n, dass Sie zu uns gefunden haben, und wir sind froh, dass Sie da sind&#8220;, mit diesen Worten begr\u00fc\u00dfte die Chorleiterin des Waldbreitbacher Gospelchors \u201eKlangfarben&#8220; und des \u201eMenschenkinderchores&#8220; der Evangelischen Kirchengemeinde Waldbreitbach, <a class=\"more-link\" href=\"https:\/\/www.gospelchor-klangfarben.de\/?p=225\"><span class=\"screen-reader-text\">  Rhein-Zeitung 05.01.2007<\/span> weiterlesen<span class=\"meta-nav\">&rarr;<\/span><\/a><\/p>\n","protected":false},"author":1,"featured_media":0,"comment_status":"open","ping_status":"open","sticky":false,"template":"","format":"standard","meta":{"ngg_post_thumbnail":0,"footnotes":""},"categories":[3],"tags":[],"class_list":["post-225","post","type-post","status-publish","format-standard","hentry","category-pressestimmen"],"_links":{"self":[{"href":"https:\/\/www.gospelchor-klangfarben.de\/index.php?rest_route=\/wp\/v2\/posts\/225","targetHints":{"allow":["GET"]}}],"collection":[{"href":"https:\/\/www.gospelchor-klangfarben.de\/index.php?rest_route=\/wp\/v2\/posts"}],"about":[{"href":"https:\/\/www.gospelchor-klangfarben.de\/index.php?rest_route=\/wp\/v2\/types\/post"}],"author":[{"embeddable":true,"href":"https:\/\/www.gospelchor-klangfarben.de\/index.php?rest_route=\/wp\/v2\/users\/1"}],"replies":[{"embeddable":true,"href":"https:\/\/www.gospelchor-klangfarben.de\/index.php?rest_route=%2Fwp%2Fv2%2Fcomments&post=225"}],"version-history":[{"count":3,"href":"https:\/\/www.gospelchor-klangfarben.de\/index.php?rest_route=\/wp\/v2\/posts\/225\/revisions"}],"predecessor-version":[{"id":228,"href":"https:\/\/www.gospelchor-klangfarben.de\/index.php?rest_route=\/wp\/v2\/posts\/225\/revisions\/228"}],"wp:attachment":[{"href":"https:\/\/www.gospelchor-klangfarben.de\/index.php?rest_route=%2Fwp%2Fv2%2Fmedia&parent=225"}],"wp:term":[{"taxonomy":"category","embeddable":true,"href":"https:\/\/www.gospelchor-klangfarben.de\/index.php?rest_route=%2Fwp%2Fv2%2Fcategories&post=225"},{"taxonomy":"post_tag","embeddable":true,"href":"https:\/\/www.gospelchor-klangfarben.de\/index.php?rest_route=%2Fwp%2Fv2%2Ftags&post=225"}],"curies":[{"name":"wp","href":"https:\/\/api.w.org\/{rel}","templated":true}]}}