{"id":2422,"date":"2025-11-13T12:48:23","date_gmt":"2025-11-13T10:48:23","guid":{"rendered":"http:\/\/www.gospelchor-klangfarben.de\/?p=2422"},"modified":"2025-11-13T13:16:14","modified_gmt":"2025-11-13T11:16:14","slug":"weihnachtsmusical-2026-sucht-unterstuetzer","status":"publish","type":"post","link":"https:\/\/www.gospelchor-klangfarben.de\/?p=2422","title":{"rendered":"Weihnachtsmusical 2026 sucht Unterst\u00fctzer*innen"},"content":{"rendered":"<p><img loading=\"lazy\" decoding=\"async\" class=\"aligncenter size-large wp-image-2426\" src=\"http:\/\/www.gospelchor-klangfarben.de\/wp-content\/uploads\/2025\/11\/b3c44471c588_large-1024x678.jpg\" alt=\"\" width=\"530\" height=\"351\" srcset=\"https:\/\/www.gospelchor-klangfarben.de\/wp-content\/uploads\/2025\/11\/b3c44471c588_large-1024x678.jpg 1024w, https:\/\/www.gospelchor-klangfarben.de\/wp-content\/uploads\/2025\/11\/b3c44471c588_large-300x199.jpg 300w, https:\/\/www.gospelchor-klangfarben.de\/wp-content\/uploads\/2025\/11\/b3c44471c588_large-768x509.jpg 768w, https:\/\/www.gospelchor-klangfarben.de\/wp-content\/uploads\/2025\/11\/b3c44471c588_large.jpg 1087w\" sizes=\"auto, (max-width: 530px) 100vw, 530px\" \/>Im kommenden Jahr wird der Gospelchor Klangfarben in der Marktkirche in Neuwied ein \u201eWeihnachtsmusical\u201c zur Auff\u00fchrung bringen. Ca. 100 Menschen, im Alter von 4 \u2013 81 Jahren, begeben sich nun ein Jahr lang auf den gemeinsamen Probenweg. S\u00e4nger und S\u00e4ngerinnen, Schauspielende, Kulissenbauer und MusikerInnen. Als Gospelchor Klangfarben versuchen wir seit mehr als 25 Jahren kulturelle H\u00f6hepunkte sowohl in der Stadt, als auch im Kreis Neuwied zu schaffen.<br \/>\nF\u00fcr die Realisierung dieses Projekts ben\u00f6tigen wir finanzielle Unterst\u00fctzung.<br \/>\nDa es enorme Kostensteigerungen vor allem im technischen Bereich gibt (Miete, Heizkosten, B\u00fchne, Beschallung, Lichttechnik), wir aber das Musical zu einem noch familienfreundlichen Preis anbieten wollen, bitten wir um Ihr finanzielles Engagement.<br \/>\nJede, noch so kleine Spende wird helfen und wir bedanken uns jetzt schon ganz herzlich.<\/p>\n<p>Unterst\u00fctzen sie das Weihnachtsmusical unter diesem <a href=\"https:\/\/www.heimatleben.de\/project\/weihnachtsmusical-2026\/\">Link.<\/a><\/p>\n","protected":false},"excerpt":{"rendered":"<p>Im kommenden Jahr wird der Gospelchor Klangfarben in der Marktkirche in Neuwied ein \u201eWeihnachtsmusical\u201c zur Auff\u00fchrung bringen. Ca. 100 Menschen, im Alter von 4 \u2013 81 Jahren, begeben sich nun ein Jahr lang auf den gemeinsamen Probenweg. S\u00e4nger und S\u00e4ngerinnen, <a class=\"more-link\" href=\"https:\/\/www.gospelchor-klangfarben.de\/?p=2422\"><span class=\"screen-reader-text\">  Weihnachtsmusical 2026 sucht Unterst\u00fctzer*innen<\/span> weiterlesen<span class=\"meta-nav\">&rarr;<\/span><\/a><\/p>\n","protected":false},"author":1,"featured_media":2426,"comment_status":"open","ping_status":"open","sticky":false,"template":"","format":"standard","meta":{"ngg_post_thumbnail":0,"footnotes":""},"categories":[1],"tags":[],"class_list":["post-2422","post","type-post","status-publish","format-standard","has-post-thumbnail","hentry","category-allgemein"],"_links":{"self":[{"href":"https:\/\/www.gospelchor-klangfarben.de\/index.php?rest_route=\/wp\/v2\/posts\/2422","targetHints":{"allow":["GET"]}}],"collection":[{"href":"https:\/\/www.gospelchor-klangfarben.de\/index.php?rest_route=\/wp\/v2\/posts"}],"about":[{"href":"https:\/\/www.gospelchor-klangfarben.de\/index.php?rest_route=\/wp\/v2\/types\/post"}],"author":[{"embeddable":true,"href":"https:\/\/www.gospelchor-klangfarben.de\/index.php?rest_route=\/wp\/v2\/users\/1"}],"replies":[{"embeddable":true,"href":"https:\/\/www.gospelchor-klangfarben.de\/index.php?rest_route=%2Fwp%2Fv2%2Fcomments&post=2422"}],"version-history":[{"count":7,"href":"https:\/\/www.gospelchor-klangfarben.de\/index.php?rest_route=\/wp\/v2\/posts\/2422\/revisions"}],"predecessor-version":[{"id":2431,"href":"https:\/\/www.gospelchor-klangfarben.de\/index.php?rest_route=\/wp\/v2\/posts\/2422\/revisions\/2431"}],"wp:featuredmedia":[{"embeddable":true,"href":"https:\/\/www.gospelchor-klangfarben.de\/index.php?rest_route=\/wp\/v2\/media\/2426"}],"wp:attachment":[{"href":"https:\/\/www.gospelchor-klangfarben.de\/index.php?rest_route=%2Fwp%2Fv2%2Fmedia&parent=2422"}],"wp:term":[{"taxonomy":"category","embeddable":true,"href":"https:\/\/www.gospelchor-klangfarben.de\/index.php?rest_route=%2Fwp%2Fv2%2Fcategories&post=2422"},{"taxonomy":"post_tag","embeddable":true,"href":"https:\/\/www.gospelchor-klangfarben.de\/index.php?rest_route=%2Fwp%2Fv2%2Ftags&post=2422"}],"curies":[{"name":"wp","href":"https:\/\/api.w.org\/{rel}","templated":true}]}}