{"id":960,"date":"2016-05-22T15:40:42","date_gmt":"2016-05-22T13:40:42","guid":{"rendered":"http:\/\/www.gospelchor-klangfarben.de\/?p=960"},"modified":"2016-07-10T10:10:54","modified_gmt":"2016-07-10T08:10:54","slug":"kindermusical-kunterbunt","status":"publish","type":"post","link":"https:\/\/www.gospelchor-klangfarben.de\/?p=960","title":{"rendered":"Kindermusical Kunterbunt"},"content":{"rendered":"<p><img loading=\"lazy\" decoding=\"async\" class=\"aligncenter size-full wp-image-961\" src=\"http:\/\/www.gospelchor-klangfarben.de\/wp-content\/uploads\/2016\/05\/Musical-Kunterbund-Plakat.jpg\" alt=\"Musical Kunterbund Plakat\" width=\"1240\" height=\"1754\" srcset=\"https:\/\/www.gospelchor-klangfarben.de\/wp-content\/uploads\/2016\/05\/Musical-Kunterbund-Plakat.jpg 1240w, https:\/\/www.gospelchor-klangfarben.de\/wp-content\/uploads\/2016\/05\/Musical-Kunterbund-Plakat-212x300.jpg 212w, https:\/\/www.gospelchor-klangfarben.de\/wp-content\/uploads\/2016\/05\/Musical-Kunterbund-Plakat-768x1086.jpg 768w, https:\/\/www.gospelchor-klangfarben.de\/wp-content\/uploads\/2016\/05\/Musical-Kunterbund-Plakat-724x1024.jpg 724w\" sizes=\"auto, (max-width: 1240px) 100vw, 1240px\" \/><\/p>\n<p><!--more--><\/p>\n<p style=\"text-align: justify;\"><strong>Kindermusical Kunterbunt mit dem Menschenkinderchor Waldbreitbach<\/strong><\/p>\n<p style=\"text-align: justify;\">Ein herrlicher Regenbogen strahlt \u00fcber dem Land Kunterbunt. Der g\u00fctige K\u00f6nig herrscht, die Farben sind seine Untertanen. Alles ist kunterbunt, quietschbunt, klatschbunt. Eines Tages kommen die blauen, roten und gelben B\u00fcrger jedoch auf die Idee, dass ihre Farben wichtiger seien als die der anderen. Ganz klar ist nun, der K\u00f6nig muss sie mehr beachten. Darum ruft er ab sofort jeden Tag eine andere Farbe als \u201eFarbe des Tages\u201c aus. Danach bestimmt das sanfte Blau, das temperamentvolle Rot oder das sch\u00f6ne, aber eitle Gelb die Stimmung des Landes. Doch wie kann ein Regenbogen weiter bunt strahlen, wenn die Farben nichts mehr gemeinsam unternehmen? Als er langsam verblasst, bricht Panik im Volk aus. Denn ohne das Strahlen des Regenbogens droht das bunte Reich in grauen Stein verwandelt zu werden. Kann der K\u00f6nig seinen Fehler erkennen und seine Untertanen erl\u00f6sen?<\/p>\n<p style=\"text-align: justify;\">Das M\u00e4rchen \u201eKunterbunt\u201c ist durch die Verbindung von Musik, Emotionen und Farben ein Pl\u00e4doyer f\u00fcr eine tolerante Gesellschaft, in der sich nicht eine Gruppe \u00fcber die anderen erhebt, sondern erst das Miteinander das Leben abwechslungsreich und bunt werden l\u00e4sst.<\/p>\n<p style=\"text-align: justify;\">Das Kindermusical \u201eKunterbunt\u201c, aufgef\u00fchrt vom Menschenkinderchor gibt es in der Ev. Christuskirche in Waldbreitbach am Sonntag, den 03.Juli 2016 um 11.00Uhr im Rahmen des Bunten Gemeindetages mit tollen Songs zu sehen und zu h\u00f6ren.<\/p>\n","protected":false},"excerpt":{"rendered":"","protected":false},"author":1,"featured_media":0,"comment_status":"closed","ping_status":"open","sticky":false,"template":"","format":"standard","meta":{"ngg_post_thumbnail":0,"footnotes":""},"categories":[5],"tags":[],"class_list":["post-960","post","type-post","status-publish","format-standard","hentry","category-plakate"],"_links":{"self":[{"href":"https:\/\/www.gospelchor-klangfarben.de\/index.php?rest_route=\/wp\/v2\/posts\/960","targetHints":{"allow":["GET"]}}],"collection":[{"href":"https:\/\/www.gospelchor-klangfarben.de\/index.php?rest_route=\/wp\/v2\/posts"}],"about":[{"href":"https:\/\/www.gospelchor-klangfarben.de\/index.php?rest_route=\/wp\/v2\/types\/post"}],"author":[{"embeddable":true,"href":"https:\/\/www.gospelchor-klangfarben.de\/index.php?rest_route=\/wp\/v2\/users\/1"}],"replies":[{"embeddable":true,"href":"https:\/\/www.gospelchor-klangfarben.de\/index.php?rest_route=%2Fwp%2Fv2%2Fcomments&post=960"}],"version-history":[{"count":4,"href":"https:\/\/www.gospelchor-klangfarben.de\/index.php?rest_route=\/wp\/v2\/posts\/960\/revisions"}],"predecessor-version":[{"id":965,"href":"https:\/\/www.gospelchor-klangfarben.de\/index.php?rest_route=\/wp\/v2\/posts\/960\/revisions\/965"}],"wp:attachment":[{"href":"https:\/\/www.gospelchor-klangfarben.de\/index.php?rest_route=%2Fwp%2Fv2%2Fmedia&parent=960"}],"wp:term":[{"taxonomy":"category","embeddable":true,"href":"https:\/\/www.gospelchor-klangfarben.de\/index.php?rest_route=%2Fwp%2Fv2%2Fcategories&post=960"},{"taxonomy":"post_tag","embeddable":true,"href":"https:\/\/www.gospelchor-klangfarben.de\/index.php?rest_route=%2Fwp%2Fv2%2Ftags&post=960"}],"curies":[{"name":"wp","href":"https:\/\/api.w.org\/{rel}","templated":true}]}}